{"id":11782,"date":"2022-10-01T17:05:00","date_gmt":"2022-10-01T14:05:00","guid":{"rendered":"https:\/\/jurilotman.ee\/news\/naitus-rannak-juri-lotmani-semiosfaaris-pariisis\/"},"modified":"2023-02-09T18:18:18","modified_gmt":"2023-02-09T16:18:18","slug":"naitus-rannak-juri-lotmani-semiosfaaris-pariisis","status":"publish","type":"post","link":"https:\/\/jurilotman.ee\/en\/juri-lotman-100-en\/naitus-rannak-juri-lotmani-semiosfaaris-pariisis\/","title":{"rendered":"N\u00e4itus &#8220;R\u00e4nnak Juri Lotmani semiosf\u00e4\u00e4ris&#8221; Pariisis"},"content":{"rendered":"\n<p>N\u00e4ituse avavad Eesti suursaadik UNESCO juures <strong>Priit Pallum <\/strong>ja Tartu semiootika osakonna \u00f5ppej\u00f5ud <strong>Elin S\u00fctiste<\/strong>.<\/p>\n\n\n\n<div class=\"wp-block-columns\">\n<div class=\"wp-block-column\">\n<figure class=\"wp-block-image size-large\"><img loading=\"lazy\" width=\"1024\" height=\"683\" src=\"https:\/\/jurilotman.ee\/wp-content\/uploads\/2023\/02\/Pariis_Lotman_1-1024x683.jpeg\" alt=\"\" class=\"wp-image-11765\" srcset=\"https:\/\/jurilotman.ee\/wp-content\/uploads\/2023\/02\/Pariis_Lotman_1-1024x683.jpeg 1024w, https:\/\/jurilotman.ee\/wp-content\/uploads\/2023\/02\/Pariis_Lotman_1-300x200.jpeg 300w, https:\/\/jurilotman.ee\/wp-content\/uploads\/2023\/02\/Pariis_Lotman_1-768x512.jpeg 768w, https:\/\/jurilotman.ee\/wp-content\/uploads\/2023\/02\/Pariis_Lotman_1-1536x1024.jpeg 1536w, https:\/\/jurilotman.ee\/wp-content\/uploads\/2023\/02\/Pariis_Lotman_1-1134x756.jpeg 1134w, https:\/\/jurilotman.ee\/wp-content\/uploads\/2023\/02\/Pariis_Lotman_1.jpeg 2048w\" sizes=\"(max-width: 1024px) 100vw, 1024px\" \/><figcaption>Foto: Louis Abad<\/figcaption><\/figure>\n<\/div>\n\n\n\n<div class=\"wp-block-column\">\n<figure class=\"wp-block-image size-large\"><img loading=\"lazy\" width=\"1024\" height=\"683\" src=\"https:\/\/jurilotman.ee\/wp-content\/uploads\/2023\/02\/Pariis_Lotman_2-1024x683.jpeg\" alt=\"\" class=\"wp-image-11768\" srcset=\"https:\/\/jurilotman.ee\/wp-content\/uploads\/2023\/02\/Pariis_Lotman_2-1024x683.jpeg 1024w, https:\/\/jurilotman.ee\/wp-content\/uploads\/2023\/02\/Pariis_Lotman_2-300x200.jpeg 300w, https:\/\/jurilotman.ee\/wp-content\/uploads\/2023\/02\/Pariis_Lotman_2-768x512.jpeg 768w, https:\/\/jurilotman.ee\/wp-content\/uploads\/2023\/02\/Pariis_Lotman_2-1536x1024.jpeg 1536w, https:\/\/jurilotman.ee\/wp-content\/uploads\/2023\/02\/Pariis_Lotman_2-1134x756.jpeg 1134w, https:\/\/jurilotman.ee\/wp-content\/uploads\/2023\/02\/Pariis_Lotman_2.jpeg 2048w\" sizes=\"(max-width: 1024px) 100vw, 1024px\" \/><figcaption>Foto: Louis Abad<\/figcaption><\/figure>\n<\/div>\n<\/div>\n\n\n\n<figure class=\"wp-block-image size-large\"><img loading=\"lazy\" width=\"1024\" height=\"683\" src=\"https:\/\/jurilotman.ee\/wp-content\/uploads\/2022\/10\/Pariis_Lotman_3-1024x683.jpeg\" alt=\"\" class=\"wp-image-11772\" srcset=\"https:\/\/jurilotman.ee\/wp-content\/uploads\/2022\/10\/Pariis_Lotman_3-1024x683.jpeg 1024w, https:\/\/jurilotman.ee\/wp-content\/uploads\/2022\/10\/Pariis_Lotman_3-300x200.jpeg 300w, https:\/\/jurilotman.ee\/wp-content\/uploads\/2022\/10\/Pariis_Lotman_3-768x512.jpeg 768w, https:\/\/jurilotman.ee\/wp-content\/uploads\/2022\/10\/Pariis_Lotman_3-1536x1024.jpeg 1536w, https:\/\/jurilotman.ee\/wp-content\/uploads\/2022\/10\/Pariis_Lotman_3-1134x756.jpeg 1134w, https:\/\/jurilotman.ee\/wp-content\/uploads\/2022\/10\/Pariis_Lotman_3.jpeg 2048w\" sizes=\"(max-width: 1024px) 100vw, 1024px\" \/><figcaption>Foto: Louis Abad<\/figcaption><\/figure>\n\n\n\n<p>Juri Lotmani juubel on ka UNESCO aastap\u00e4evade programmis.<\/p>\n\n\n\n<p>N\u00e4ituse korraldamist toetasid Eesti Semiootika Selts, Eesti Kultuuriministeerium (&#8220;Eesti kultuur maailmas&#8221;), Tartu \u00dclikool, Eesti Kultuurkapital ja Tartu Kultuurkapital.<\/p>\n","protected":false},"excerpt":{"rendered":"<p>10.\u201321. oktoobril on n\u00e4itus &#8220;R\u00e4nnak Juri Lotmani semiosf\u00e4\u00e4ris&#8221; avatud UNESCO peakorteri S\u00e9guri Hallis, Pariisis. <\/p>\n","protected":false},"author":4,"featured_media":11772,"comment_status":"closed","ping_status":"closed","sticky":false,"template":"","format":"standard","meta":[],"categories":[416,414,538,250],"tags":[],"acf":[],"_links":{"self":[{"href":"https:\/\/jurilotman.ee\/en\/wp-json\/wp\/v2\/posts\/11782"}],"collection":[{"href":"https:\/\/jurilotman.ee\/en\/wp-json\/wp\/v2\/posts"}],"about":[{"href":"https:\/\/jurilotman.ee\/en\/wp-json\/wp\/v2\/types\/post"}],"author":[{"embeddable":true,"href":"https:\/\/jurilotman.ee\/en\/wp-json\/wp\/v2\/users\/4"}],"replies":[{"embeddable":true,"href":"https:\/\/jurilotman.ee\/en\/wp-json\/wp\/v2\/comments?post=11782"}],"version-history":[{"count":5,"href":"https:\/\/jurilotman.ee\/en\/wp-json\/wp\/v2\/posts\/11782\/revisions"}],"predecessor-version":[{"id":11796,"href":"https:\/\/jurilotman.ee\/en\/wp-json\/wp\/v2\/posts\/11782\/revisions\/11796"}],"wp:featuredmedia":[{"embeddable":true,"href":"https:\/\/jurilotman.ee\/en\/wp-json\/wp\/v2\/media\/11772"}],"wp:attachment":[{"href":"https:\/\/jurilotman.ee\/en\/wp-json\/wp\/v2\/media?parent=11782"}],"wp:term":[{"taxonomy":"category","embeddable":true,"href":"https:\/\/jurilotman.ee\/en\/wp-json\/wp\/v2\/categories?post=11782"},{"taxonomy":"post_tag","embeddable":true,"href":"https:\/\/jurilotman.ee\/en\/wp-json\/wp\/v2\/tags?post=11782"}],"curies":[{"name":"wp","href":"https:\/\/api.w.org\/{rel}","templated":true}]}}